{"id":9399,"date":"2021-11-15T12:59:27","date_gmt":"2021-11-15T11:59:27","guid":{"rendered":"https:\/\/pktss.com\/?p=9399"},"modified":"2022-05-16T13:01:37","modified_gmt":"2022-05-16T11:01:37","slug":"ucenici-u-skoli-slikanja-atelier-fly","status":"publish","type":"post","link":"https:\/\/pktss.com\/?p=9399","title":{"rendered":"U\u010denici u \u0161koli slikanja Atelier \u201eFly\u201c"},"content":{"rendered":"<style type=\"text\/css\"><\/style><p>U\u010denici Ia\/c odjeljenja (smjer aran\u017eer) su uspje\u0161no pre\u0161li u drugi modul Prakti\u010dne nastave u okviru kojeg su predvi\u0111ene posjete kulturnim ustanovama i de\u0161avanjima u na\u0161em gradu. Prva posjeta na \u010dasovima Prakti\u010dne nastave, pod mentorstvom profesorice Adrijane Todorovi\u0107-Panjeta, je realizovana 15. 11. 2021. u ateljeu mladog bosanskohercegova\u010dkog umjetnika Farisa Had\u017eihasanovi\u0107a i njegovoj \u0160koli crtanja i slikanja \u2013 Atelier &#8220;Fly&#8221;.<\/p>\n<p>U\u010denici su stekli predivno iskustvo i prvi put vidjeli kako izgleda jedan slikarski atelje. Faris Had\u017eihasanovi\u0107 je odr\u017eao sjajno predavanje o likovnim tehnikama i umjetni\u010dkim djelima koja nastaju u njegovoj \u0161koli. \u010casu je prisustvovala i uspje\u0161na bosanskohercegova\u010dka umjetnica Alena Gojak koja je u\u010denicima predstavila svoja slikarska djela i odr\u017eala inspirativno predavanje o slikarstvu i \u017eivotu slikara.<\/p>\n","protected":false},"excerpt":{"rendered":"<p>U\u010denici Ia\/c odjeljenja (smjer aran\u017eer) su uspje\u0161no pre\u0161li u drugi modul Prakti\u010dne nastave u okviru kojeg su predvi\u0111ene posjete kulturnim ustanovama i de\u0161avanjima u na\u0161em gradu. Prva posjeta na \u010dasovima&#8230;<\/p>\n","protected":false},"author":1,"featured_media":9400,"comment_status":"open","ping_status":"open","sticky":false,"template":"","format":"standard","meta":{"loftloader_page_shortcode":"","footnotes":""},"categories":[37,38],"tags":[],"table_tags":[],"yst_prominent_words":[57,75,729,1539,1537,727,714,1540,1538,636,73,111],"yoast_head":"<!-- This site is optimized with the Yoast SEO Premium plugin v14.4.1 - https:\/\/yoast.com\/wordpress\/plugins\/seo\/ -->\n<title>U\u010denici u \u0161koli slikanja Atelier \u201eFly\u201c Srednja poslovno-komercijalna i trgova\u010dka \u0161kola Sarajevo<\/title>\n<meta name=\"robots\" content=\"index, follow\" \/>\n<meta name=\"googlebot\" content=\"index, follow, max-snippet:-1, max-image-preview:large, max-video-preview:-1\" \/>\n<meta name=\"bingbot\" content=\"index, follow, max-snippet:-1, max-image-preview:large, max-video-preview:-1\" \/>\n<link rel=\"canonical\" href=\"https:\/\/pktss.com\/?p=9399\" \/>\n<meta property=\"og:locale\" content=\"en_US\" \/>\n<meta property=\"og:type\" content=\"article\" \/>\n<meta property=\"og:title\" content=\"U\u010denici u \u0161koli slikanja Atelier \u201eFly\u201c Srednja poslovno-komercijalna i trgova\u010dka \u0161kola Sarajevo\" \/>\n<meta property=\"og:description\" content=\"U\u010denici Ia\/c odjeljenja (smjer aran\u017eer) su uspje\u0161no pre\u0161li u drugi modul Prakti\u010dne nastave u okviru kojeg su predvi\u0111ene posjete kulturnim ustanovama i de\u0161avanjima u na\u0161em gradu. Prva posjeta na \u010dasovima...\" \/>\n<meta property=\"og:url\" content=\"https:\/\/pktss.com\/?p=9399\" \/>\n<meta property=\"og:site_name\" content=\"Srednja poslovno-komercijalna i trgova\u010dka \u0161kola Sarajevo\" \/>\n<meta property=\"article:publisher\" content=\"https:\/\/www.facebook.com\/pages\/category\/High-School\/JU-Srednja-poslovno-komercijalna-i-trgova%c4%8dka-%c5%a1kola-757508807718194\/\" \/>\n<meta property=\"article:published_time\" content=\"2021-11-15T11:59:27+00:00\" \/>\n<meta property=\"article:modified_time\" content=\"2022-05-16T11:01:37+00:00\" \/>\n<meta property=\"og:image\" content=\"https:\/\/pktss.com\/wp-content\/uploads\/Slika-6.png\" \/>\n\t<meta property=\"og:image:width\" content=\"570\" \/>\n\t<meta property=\"og:image:height\" content=\"426\" \/>\n<meta name=\"twitter:card\" content=\"summary_large_image\" \/>\n<script type=\"application\/ld+json\" class=\"yoast-schema-graph\">{\"@context\":\"https:\/\/schema.org\",\"@graph\":[{\"@type\":[\"Organization\",\"Place\"],\"@id\":\"https:\/\/pktss.com\/#organization\",\"name\":\"JU Srednja poslovno-komercijalna i trgova\\u010dka \\u0161kola Sarajevo\",\"url\":\"https:\/\/pktss.com\/\",\"sameAs\":[\"https:\/\/www.facebook.com\/pages\/category\/High-School\/JU-Srednja-poslovno-komercijalna-i-trgova\\u010dka-\\u0161kola-757508807718194\/\"],\"logo\":{\"@type\":\"ImageObject\",\"@id\":\"https:\/\/pktss.com\/#logo\",\"inLanguage\":\"en-US\",\"url\":\"https:\/\/pktss.com\/wp-content\/uploads\/2020\/06\/logo.png\",\"width\":350,\"height\":56,\"caption\":\"JU Srednja poslovno-komercijalna i trgova\\u010dka \\u0161kola Sarajevo\"},\"image\":{\"@id\":\"https:\/\/pktss.com\/#logo\"},\"location\":{\"@id\":\"https:\/\/pktss.com\/?p=9399#local-place\"},\"address\":{\"@id\":\"https:\/\/pktss.com\/?p=9399#local-place-address\"}},{\"@type\":\"WebSite\",\"@id\":\"https:\/\/pktss.com\/#website\",\"url\":\"https:\/\/pktss.com\/\",\"name\":\"Srednja poslovno-komercijalna i trgova\\u010dka \\u0161kola Sarajevo\",\"description\":\"Srednja \\u0161kola\",\"publisher\":{\"@id\":\"https:\/\/pktss.com\/#organization\"},\"potentialAction\":[{\"@type\":\"SearchAction\",\"target\":\"https:\/\/pktss.com\/?s={search_term_string}\",\"query-input\":\"required name=search_term_string\"}],\"inLanguage\":\"en-US\"},{\"@type\":\"ImageObject\",\"@id\":\"https:\/\/pktss.com\/?p=9399#primaryimage\",\"inLanguage\":\"en-US\",\"url\":\"https:\/\/pktss.com\/wp-content\/uploads\/Slika-6.png\",\"width\":570,\"height\":426},{\"@type\":\"WebPage\",\"@id\":\"https:\/\/pktss.com\/?p=9399#webpage\",\"url\":\"https:\/\/pktss.com\/?p=9399\",\"name\":\"U\\u010denici u \\u0161koli slikanja Atelier \\u201eFly\\u201c Srednja poslovno-komercijalna i trgova\\u010dka \\u0161kola Sarajevo\",\"isPartOf\":{\"@id\":\"https:\/\/pktss.com\/#website\"},\"primaryImageOfPage\":{\"@id\":\"https:\/\/pktss.com\/?p=9399#primaryimage\"},\"datePublished\":\"2021-11-15T11:59:27+00:00\",\"dateModified\":\"2022-05-16T11:01:37+00:00\",\"inLanguage\":\"en-US\",\"potentialAction\":[{\"@type\":\"ReadAction\",\"target\":[\"https:\/\/pktss.com\/?p=9399\"]}]},{\"@type\":\"NewsArticle\",\"@id\":\"https:\/\/pktss.com\/?p=9399#article\",\"isPartOf\":{\"@id\":\"https:\/\/pktss.com\/?p=9399#webpage\"},\"author\":{\"@id\":\"https:\/\/pktss.com\/#\/schema\/person\/d4a178d27c00e3fb0e483497a9a248fe\"},\"headline\":\"U\\u010denici u \\u0161koli slikanja Atelier \\u201eFly\\u201c\",\"datePublished\":\"2021-11-15T11:59:27+00:00\",\"dateModified\":\"2022-05-16T11:01:37+00:00\",\"commentCount\":0,\"mainEntityOfPage\":{\"@id\":\"https:\/\/pktss.com\/?p=9399#webpage\"},\"publisher\":{\"@id\":\"https:\/\/pktss.com\/#organization\"},\"image\":{\"@id\":\"https:\/\/pktss.com\/?p=9399#primaryimage\"},\"articleSection\":\"Obavje\\u0161tenja,Vijesti\",\"inLanguage\":\"en-US\",\"potentialAction\":[{\"@type\":\"CommentAction\",\"name\":\"Comment\",\"target\":[\"https:\/\/pktss.com\/?p=9399#respond\"]}],\"copyrightYear\":\"2021\",\"copyrightHolder\":{\"@id\":\"https:\/\/pktss.com\/#organization\"}},{\"@type\":[\"Person\"],\"@id\":\"https:\/\/pktss.com\/#\/schema\/person\/d4a178d27c00e3fb0e483497a9a248fe\",\"name\":\"admin\",\"image\":{\"@type\":\"ImageObject\",\"@id\":\"https:\/\/pktss.com\/#personlogo\",\"inLanguage\":\"en-US\",\"url\":\"https:\/\/secure.gravatar.com\/avatar\/03960f72ea810989cf7bcf44062e78e2?s=96&d=mm&r=g\",\"caption\":\"admin\"}},{\"@type\":\"Place\",\"@id\":\"https:\/\/pktss.com\/?p=9399#local-place\",\"address\":{\"@type\":\"PostalAddress\",\"@id\":\"https:\/\/pktss.com\/?p=9399#local-place-address\",\"streetAddress\":\"\",\"addressLocality\":\"\",\"postalCode\":\"\",\"addressRegion\":\"\",\"addressCountry\":\"\"},\"geo\":{\"@type\":\"GeoCoordinates\",\"latitude\":\"\",\"longitude\":\"\"},\"openingHoursSpecification\":[{\"@type\":\"OpeningHoursSpecification\",\"dayOfWeek\":[\"Monday\",\"Tuesday\",\"Wednesday\",\"Thursday\",\"Friday\",\"Saturday\",\"Sunday\"],\"opens\":\"09:00\",\"closes\":\"17:00\"}]}]}<\/script>\n<!-- \/ Yoast SEO Premium plugin. -->","_links":{"self":[{"href":"https:\/\/pktss.com\/index.php?rest_route=\/wp\/v2\/posts\/9399"}],"collection":[{"href":"https:\/\/pktss.com\/index.php?rest_route=\/wp\/v2\/posts"}],"about":[{"href":"https:\/\/pktss.com\/index.php?rest_route=\/wp\/v2\/types\/post"}],"author":[{"embeddable":true,"href":"https:\/\/pktss.com\/index.php?rest_route=\/wp\/v2\/users\/1"}],"replies":[{"embeddable":true,"href":"https:\/\/pktss.com\/index.php?rest_route=%2Fwp%2Fv2%2Fcomments&post=9399"}],"version-history":[{"count":1,"href":"https:\/\/pktss.com\/index.php?rest_route=\/wp\/v2\/posts\/9399\/revisions"}],"predecessor-version":[{"id":9401,"href":"https:\/\/pktss.com\/index.php?rest_route=\/wp\/v2\/posts\/9399\/revisions\/9401"}],"wp:featuredmedia":[{"embeddable":true,"href":"https:\/\/pktss.com\/index.php?rest_route=\/wp\/v2\/media\/9400"}],"wp:attachment":[{"href":"https:\/\/pktss.com\/index.php?rest_route=%2Fwp%2Fv2%2Fmedia&parent=9399"}],"wp:term":[{"taxonomy":"category","embeddable":true,"href":"https:\/\/pktss.com\/index.php?rest_route=%2Fwp%2Fv2%2Fcategories&post=9399"},{"taxonomy":"post_tag","embeddable":true,"href":"https:\/\/pktss.com\/index.php?rest_route=%2Fwp%2Fv2%2Ftags&post=9399"},{"taxonomy":"table_tags","embeddable":true,"href":"https:\/\/pktss.com\/index.php?rest_route=%2Fwp%2Fv2%2Ftable_tags&post=9399"},{"taxonomy":"yst_prominent_words","embeddable":true,"href":"https:\/\/pktss.com\/index.php?rest_route=%2Fwp%2Fv2%2Fyst_prominent_words&post=9399"}],"curies":[{"name":"wp","href":"https:\/\/api.w.org\/{rel}","templated":true}]}}